{"id":1003,"global_id":"www.philharmonieroyaleconcordia.be?id=1003","global_id_lineage":["www.philharmonieroyaleconcordia.be?id=1003"],"author":"4","status":"publish","date":"2021-11-14 10:13:04","date_utc":"2021-11-14 09:13:04","modified":"2021-11-14 10:19:24","modified_utc":"2021-11-14 09:19:24","url":"https:\/\/www.philharmonieroyaleconcordia.be\/?tribe_events=concert-de-gala-3","rest_url":"https:\/\/www.philharmonieroyaleconcordia.be\/index.php?rest_route=\/tribe\/events\/v1\/events\/1003","title":"Concert de Gala &#8211; Centre Culturel d&#8217;Ottignies","description":"<h2 style=\"text-align: center;\"><img loading=\"lazy\" decoding=\"async\" data-attachment-id=\"681\" data-permalink=\"https:\/\/www.philharmonieroyaleconcordia.be\/?attachment_id=681\" data-orig-file=\"https:\/\/i0.wp.com\/www.philharmonieroyaleconcordia.be\/wp-content\/uploads\/2020\/02\/te\u0301le\u0301charge\u0301.jpeg?fit=352%2C143&amp;ssl=1\" data-orig-size=\"352,143\" data-comments-opened=\"1\" data-image-meta=\"{&quot;aperture&quot;:&quot;0&quot;,&quot;credit&quot;:&quot;&quot;,&quot;camera&quot;:&quot;&quot;,&quot;caption&quot;:&quot;&quot;,&quot;created_timestamp&quot;:&quot;0&quot;,&quot;copyright&quot;:&quot;&quot;,&quot;focal_length&quot;:&quot;0&quot;,&quot;iso&quot;:&quot;0&quot;,&quot;shutter_speed&quot;:&quot;0&quot;,&quot;title&quot;:&quot;&quot;,&quot;orientation&quot;:&quot;0&quot;}\" data-image-title=\"te\u0301le\u0301charge\u0301\" data-image-description=\"\" data-image-caption=\"\" data-medium-file=\"https:\/\/i0.wp.com\/www.philharmonieroyaleconcordia.be\/wp-content\/uploads\/2020\/02\/te\u0301le\u0301charge\u0301.jpeg?fit=300%2C122&amp;ssl=1\" data-large-file=\"https:\/\/i0.wp.com\/www.philharmonieroyaleconcordia.be\/wp-content\/uploads\/2020\/02\/te\u0301le\u0301charge\u0301.jpeg?fit=352%2C143&amp;ssl=1\" class=\"aligncenter size-medium wp-image-681\" src=\"https:\/\/i0.wp.com\/www.philharmonieroyaleconcordia.be\/wp-content\/uploads\/2020\/02\/te\u0301le\u0301charge\u0301.jpeg?resize=300%2C122\" alt=\"\" width=\"300\" height=\"122\" srcset=\"https:\/\/i0.wp.com\/www.philharmonieroyaleconcordia.be\/wp-content\/uploads\/2020\/02\/te\u0301le\u0301charge\u0301.jpeg?resize=300%2C122&amp;ssl=1 300w, https:\/\/i0.wp.com\/www.philharmonieroyaleconcordia.be\/wp-content\/uploads\/2020\/02\/te\u0301le\u0301charge\u0301.jpeg?resize=50%2C20&amp;ssl=1 50w, https:\/\/i0.wp.com\/www.philharmonieroyaleconcordia.be\/wp-content\/uploads\/2020\/02\/te\u0301le\u0301charge\u0301.jpeg?w=352&amp;ssl=1 352w\" sizes=\"auto, (max-width: 300px) 100vw, 300px\" data-recalc-dims=\"1\" \/><\/h2>\n<h2><\/h2>\n<h2 style=\"text-align: center;\">La PRC fait son cin\u00e9ma.<\/h2>\n<p><!--more--><\/p>\n<p>Les d\u00e9tails seront publi\u00e9s d\u00e8s que connus.<\/p>\n<p>&nbsp;<\/p>","excerpt":"","slug":"concert-de-gala-3","image":false,"all_day":false,"start_date":"2022-04-23 20:00:00","start_date_details":{"year":"2022","month":"04","day":"23","hour":"20","minutes":"00","seconds":"00"},"end_date":"2022-04-23 23:00:00","end_date_details":{"year":"2022","month":"04","day":"23","hour":"23","minutes":"00","seconds":"00"},"utc_start_date":"2022-04-23 18:00:00","utc_start_date_details":{"year":"2022","month":"04","day":"23","hour":"18","minutes":"00","seconds":"00"},"utc_end_date":"2022-04-23 21:00:00","utc_end_date_details":{"year":"2022","month":"04","day":"23","hour":"21","minutes":"00","seconds":"00"},"timezone":"Europe\/Paris","timezone_abbr":"CEST","cost":"","cost_details":{"currency_symbol":"","currency_code":"","currency_position":"suffix","values":[]},"website":"","show_map":true,"show_map_link":true,"hide_from_listings":false,"sticky":false,"featured":false,"categories":[],"tags":[],"venue":{"id":152,"author":"2","status":"publish","date":"2019-03-13 09:12:56","date_utc":"2019-03-13 08:12:56","modified":"2019-03-13 09:23:37","modified_utc":"2019-03-13 08:23:37","url":"https:\/\/www.philharmonieroyaleconcordia.be\/?tribe_venue=centre-culturel-dottignies","venue":"Centre Culturel d&#8217;Ottignies","slug":"centre-culturel-dottignies","address":"41 Avenue des Combattants","city":"Ottignies","country":"Belgique","zip":"1340","json_ld":{"@type":"Place","name":"Centre Culturel d&#8217;Ottignies","description":"","url":"","address":{"@type":"PostalAddress","streetAddress":"41 Avenue des Combattants","addressLocality":"Ottignies","postalCode":"1340","addressCountry":"Belgique"},"telephone":"","sameAs":""},"show_map":false,"show_map_link":true,"global_id":"www.philharmonieroyaleconcordia.be?id=152","global_id_lineage":["www.philharmonieroyaleconcordia.be?id=152"]},"organizer":[],"json_ld":{"@context":"http:\/\/schema.org","@type":"Event","name":"Concert de Gala &#8211; Centre Culturel d&#8217;Ottignies","description":"&lt;p&gt;La PRC fait son cin\u00e9ma. Les d\u00e9tails seront publi\u00e9s d\u00e8s que connus. &nbsp;&lt;\/p&gt;\\n","url":"https:\/\/www.philharmonieroyaleconcordia.be\/?tribe_events=concert-de-gala-3","eventAttendanceMode":"https:\/\/schema.org\/OfflineEventAttendanceMode","eventStatus":"https:\/\/schema.org\/EventScheduled","startDate":"2022-04-23T20:00:00+02:00","endDate":"2022-04-23T23:00:00+02:00","location":{"@type":"Place","name":"Centre Culturel d&#8217;Ottignies","description":"","url":"","address":{"@type":"PostalAddress","streetAddress":"41 Avenue des Combattants","addressLocality":"Ottignies","postalCode":"1340","addressCountry":"Belgique"},"telephone":"","sameAs":""},"performer":"Organization"}}