{"id":1217,"global_id":"www.philharmonieroyaleconcordia.be?id=1217","global_id_lineage":["www.philharmonieroyaleconcordia.be?id=1217"],"author":"14","status":"publish","date":"2022-09-13 19:21:30","date_utc":"2022-09-13 17:21:30","modified":"2022-09-13 19:21:30","modified_utc":"2022-09-13 17:21:30","url":"https:\/\/www.philharmonieroyaleconcordia.be\/?tribe_events=concert-pour-les-fetes-de-wallonie-2022","rest_url":"https:\/\/www.philharmonieroyaleconcordia.be\/index.php?rest_route=\/tribe\/events\/v1\/events\/1217","title":"Concert pour les F\u00eates de Wallonie 2022","description":"<div class=\"m8h3af8h l7ghb35v kjdc1dyq kmwttqpk gh25dzvf\"><span class=\"fxk3tzhb b2rh1bv3 gh55jysx m8h3af8h ewco64xe kjdc1dyq ms56khn7 bq6c9xl4 eohcrkr5 akh3l2rg\"><img loading=\"lazy\" decoding=\"async\" src=\"https:\/\/static.xx.fbcdn.net\/images\/emoji.php\/v9\/t77\/3\/16\/1f4e2.png\" alt=\"\ud83d\udce2\" width=\"16\" height=\"16\"><\/span>&nbsp;La Philharmonie Concordia d&#8217;OLLN est heureuse de vous convier \u00e0 son prochain concert de vari\u00e9t\u00e9s dans le cadre des F\u00eates de Wallonie&nbsp;<span class=\"fxk3tzhb b2rh1bv3 gh55jysx m8h3af8h ewco64xe kjdc1dyq ms56khn7 bq6c9xl4 eohcrkr5 akh3l2rg\"><img loading=\"lazy\" decoding=\"async\" src=\"https:\/\/static.xx.fbcdn.net\/images\/emoji.php\/v9\/tca\/3\/16\/1f389.png\" alt=\"\ud83c\udf89\" width=\"16\" height=\"16\"><\/span><span class=\"fxk3tzhb b2rh1bv3 gh55jysx m8h3af8h ewco64xe kjdc1dyq ms56khn7 bq6c9xl4 eohcrkr5 akh3l2rg\"><img loading=\"lazy\" decoding=\"async\" src=\"https:\/\/static.xx.fbcdn.net\/images\/emoji.php\/v9\/t8\/3\/16\/1f3ba.png\" alt=\"\ud83c\udfba\" width=\"16\" height=\"16\"><\/span><span class=\"fxk3tzhb b2rh1bv3 gh55jysx m8h3af8h ewco64xe kjdc1dyq ms56khn7 bq6c9xl4 eohcrkr5 akh3l2rg\"><img loading=\"lazy\" decoding=\"async\" src=\"https:\/\/static.xx.fbcdn.net\/images\/emoji.php\/v9\/tde\/3\/16\/1f3b7.png\" alt=\"\ud83c\udfb7\" width=\"16\" height=\"16\"><\/span><span class=\"fxk3tzhb b2rh1bv3 gh55jysx m8h3af8h ewco64xe kjdc1dyq ms56khn7 bq6c9xl4 eohcrkr5 akh3l2rg\"><img loading=\"lazy\" decoding=\"async\" src=\"https:\/\/static.xx.fbcdn.net\/images\/emoji.php\/v9\/tcc\/3\/16\/1f941.png\" alt=\"\ud83e\udd41\" width=\"16\" height=\"16\"><\/span><\/div>\n<div class=\"l7ghb35v kjdc1dyq kmwttqpk gh25dzvf jikcssrz\"><span class=\"fxk3tzhb b2rh1bv3 gh55jysx m8h3af8h ewco64xe kjdc1dyq ms56khn7 bq6c9xl4 eohcrkr5 akh3l2rg\"><img loading=\"lazy\" decoding=\"async\" src=\"https:\/\/static.xx.fbcdn.net\/images\/emoji.php\/v9\/tf3\/3\/16\/1fa84.png\" alt=\"\ud83e\ude84\" width=\"16\" height=\"16\"><\/span>&nbsp;Sous la direction de Serge Cange&nbsp;<span class=\"fxk3tzhb b2rh1bv3 gh55jysx m8h3af8h ewco64xe kjdc1dyq ms56khn7 bq6c9xl4 eohcrkr5 akh3l2rg\"><img loading=\"lazy\" decoding=\"async\" src=\"https:\/\/static.xx.fbcdn.net\/images\/emoji.php\/v9\/t5d\/3\/16\/1f3b6.png\" alt=\"\ud83c\udfb6\" width=\"16\" height=\"16\"><\/span><\/div>\n<div class=\"l7ghb35v kjdc1dyq kmwttqpk gh25dzvf jikcssrz\"><span class=\"fxk3tzhb b2rh1bv3 gh55jysx m8h3af8h ewco64xe kjdc1dyq ms56khn7 bq6c9xl4 eohcrkr5 akh3l2rg\"><img loading=\"lazy\" decoding=\"async\" src=\"https:\/\/static.xx.fbcdn.net\/images\/emoji.php\/v9\/t6b\/3\/16\/1f4cd.png\" alt=\"\ud83d\udccd\" width=\"16\" height=\"16\"><\/span>&nbsp;Espace du C\u0153ur de Ville (Ottignies).<br \/>\n<span class=\"fxk3tzhb b2rh1bv3 gh55jysx m8h3af8h ewco64xe kjdc1dyq ms56khn7 bq6c9xl4 eohcrkr5 akh3l2rg\"><img loading=\"lazy\" decoding=\"async\" src=\"https:\/\/static.xx.fbcdn.net\/images\/emoji.php\/v9\/tbc\/3\/16\/1f4c5.png\" alt=\"\ud83d\udcc5\" width=\"16\" height=\"16\"><\/span>&nbsp;Dimanche 18 de 11h15 \u00e0 12h30.<br \/>\n<span class=\"fxk3tzhb b2rh1bv3 gh55jysx m8h3af8h ewco64xe kjdc1dyq ms56khn7 bq6c9xl4 eohcrkr5 akh3l2rg\"><img loading=\"lazy\" decoding=\"async\" src=\"https:\/\/static.xx.fbcdn.net\/images\/emoji.php\/v9\/te1\/3\/16\/1f193.png\" alt=\"\ud83c\udd93\" width=\"16\" height=\"16\"><\/span>&nbsp;Gratuit.<\/div>","excerpt":"","slug":"concert-pour-les-fetes-de-wallonie-2022","image":{"url":"https:\/\/i0.wp.com\/www.philharmonieroyaleconcordia.be\/wp-content\/uploads\/2022\/09\/PRC-extx.jpg?fit=2048%2C1536&ssl=1","id":1218,"extension":"jpg","width":2048,"height":1536,"filesize":662764,"sizes":{"medium":{"width":300,"height":225,"mime-type":"image\/jpeg","filesize":22263,"url":"https:\/\/i0.wp.com\/www.philharmonieroyaleconcordia.be\/wp-content\/uploads\/2022\/09\/PRC-extx.jpg?fit=300%2C225&ssl=1"},"large":{"width":1024,"height":768,"mime-type":"image\/jpeg","filesize":190659,"url":"https:\/\/i0.wp.com\/www.philharmonieroyaleconcordia.be\/wp-content\/uploads\/2022\/09\/PRC-extx.jpg?fit=950%2C713&ssl=1"},"thumbnail":{"width":150,"height":150,"mime-type":"image\/jpeg","filesize":8506,"url":"https:\/\/i0.wp.com\/www.philharmonieroyaleconcordia.be\/wp-content\/uploads\/2022\/09\/PRC-extx.jpg?resize=150%2C150&ssl=1"},"medium_large":{"width":768,"height":576,"mime-type":"image\/jpeg","filesize":115993,"url":"https:\/\/i0.wp.com\/www.philharmonieroyaleconcordia.be\/wp-content\/uploads\/2022\/09\/PRC-extx.jpg?fit=768%2C576&ssl=1"},"1536x1536":{"width":1536,"height":1152,"mime-type":"image\/jpeg","filesize":389658,"url":"https:\/\/i0.wp.com\/www.philharmonieroyaleconcordia.be\/wp-content\/uploads\/2022\/09\/PRC-extx.jpg?fit=1536%2C1152&ssl=1"},"wppr-widget":{"width":50,"height":38,"mime-type":"image\/jpeg","filesize":1708,"url":"https:\/\/i0.wp.com\/www.philharmonieroyaleconcordia.be\/wp-content\/uploads\/2022\/09\/PRC-extx.jpg?fit=50%2C38&ssl=1"}}},"all_day":false,"start_date":"2022-09-18 11:15:00","start_date_details":{"year":"2022","month":"09","day":"18","hour":"11","minutes":"15","seconds":"00"},"end_date":"2022-09-18 12:30:00","end_date_details":{"year":"2022","month":"09","day":"18","hour":"12","minutes":"30","seconds":"00"},"utc_start_date":"2022-09-18 09:15:00","utc_start_date_details":{"year":"2022","month":"09","day":"18","hour":"09","minutes":"15","seconds":"00"},"utc_end_date":"2022-09-18 10:30:00","utc_end_date_details":{"year":"2022","month":"09","day":"18","hour":"10","minutes":"30","seconds":"00"},"timezone":"Europe\/Paris","timezone_abbr":"CEST","cost":"","cost_details":{"currency_symbol":"","currency_code":"","currency_position":"suffix","values":[]},"website":"https:\/\/fb.me\/e\/23Lgf5eWy","show_map":true,"show_map_link":true,"hide_from_listings":false,"sticky":false,"featured":false,"categories":[{"name":"Concerts","slug":"concerts","term_group":0,"term_taxonomy_id":5,"taxonomy":"tribe_events_cat","description":"","parent":0,"count":13,"filter":"raw","id":5,"urls":{"self":"https:\/\/www.philharmonieroyaleconcordia.be\/index.php?rest_route=\/tribe\/events\/v1\/categories\/5","collection":"https:\/\/www.philharmonieroyaleconcordia.be\/index.php?rest_route=\/tribe\/events\/v1\/categories"}}],"tags":[],"venue":{"id":940,"author":"4","status":"publish","date":"2021-06-30 12:13:57","date_utc":"2021-06-30 10:13:57","modified":"2021-06-30 12:13:57","modified_utc":"2021-06-30 10:13:57","url":"https:\/\/www.philharmonieroyaleconcordia.be\/?tribe_venue=espace-du-coeur-de-ville-ottignies","venue":"Espace du coeur de ville ottignies","slug":"espace-du-coeur-de-ville-ottignies","city":"Ottignies-Louvain-la-Neuve","country":"Belgique","zip":"1340","json_ld":{"@type":"Place","name":"Espace du coeur de ville ottignies","description":"","url":"","address":{"@type":"PostalAddress","addressLocality":"Ottignies-Louvain-la-Neuve","postalCode":"1340","addressCountry":"Belgique"},"telephone":"","sameAs":""},"show_map":true,"show_map_link":true,"global_id":"www.philharmonieroyaleconcordia.be?id=940","global_id_lineage":["www.philharmonieroyaleconcordia.be?id=940"]},"organizer":[{"id":941,"author":"4","status":"publish","date":"2021-06-30 12:13:57","date_utc":"2021-06-30 10:13:57","modified":"2021-06-30 12:13:57","modified_utc":"2021-06-30 10:13:57","url":"https:\/\/www.philharmonieroyaleconcordia.be\/?tribe_organizer=comite-des-fetes-de-wallonie-dottignies-lln-asbl","organizer":"Comit\u00e9 des F\u00eates de Wallonie d&#8217;Ottignies-LLN asbl","slug":"comite-des-fetes-de-wallonie-dottignies-lln-asbl","website":"http:\/\/www.fetesdewallonieolln.be\/","json_ld":{"@type":"Person","name":"Comit\u00e9 des F\u00eates de Wallonie d&#8217;Ottignies-LLN asbl","description":"","url":"http:\/\/www.fetesdewallonieolln.be\/","telephone":"","email":"","sameAs":"http:\/\/www.fetesdewallonieolln.be\/"},"global_id":"www.philharmonieroyaleconcordia.be?id=941","global_id_lineage":["www.philharmonieroyaleconcordia.be?id=941"]}],"json_ld":{"@context":"http:\/\/schema.org","@type":"Event","name":"Concert pour les F\u00eates de Wallonie 2022","description":"&lt;p&gt;&nbsp;La Philharmonie Concordia d\\'OLLN est heureuse de vous convier \u00e0 son prochain concert de vari\u00e9t\u00e9s dans le cadre des F\u00eates de Wallonie&nbsp; &nbsp;Sous la direction de Serge Cange&nbsp; &nbsp;Espace du &hellip; &lt;\/p&gt;\\n&lt;p class=&quot;link-more&quot;&gt;&lt;a href=&quot;https:\/\/www.philharmonieroyaleconcordia.be\/?tribe_events=concert-pour-les-fetes-de-wallonie-2022&quot; class=&quot;more-link&quot;&gt;Lire la suite de&lt;span class=&quot;screen-reader-text&quot;&gt;\u00ab\u00a0Concert pour les F\u00eates de Wallonie 2022\u00a0\u00bb&lt;\/span&gt;&lt;\/a&gt;&lt;\/p&gt;\\n","image":"https:\/\/www.philharmonieroyaleconcordia.be\/wp-content\/uploads\/2022\/09\/PRC-extx.jpg","url":"https:\/\/www.philharmonieroyaleconcordia.be\/?tribe_events=concert-pour-les-fetes-de-wallonie-2022","eventAttendanceMode":"https:\/\/schema.org\/OfflineEventAttendanceMode","eventStatus":"https:\/\/schema.org\/EventScheduled","startDate":"2022-09-18T11:15:00+02:00","endDate":"2022-09-18T12:30:00+02:00","location":{"@type":"Place","name":"Espace du coeur de ville ottignies","description":"","url":"","address":{"@type":"PostalAddress","addressLocality":"Ottignies-Louvain-la-Neuve","postalCode":"1340","addressCountry":"Belgique"},"telephone":"","sameAs":""},"organizer":{"@type":"Person","name":"Comit\u00e9 des F\u00eates de Wallonie d&#8217;Ottignies-LLN asbl","description":"","url":"http:\/\/www.fetesdewallonieolln.be\/","telephone":"","email":"","sameAs":"http:\/\/www.fetesdewallonieolln.be\/"},"performer":"Organization"}}