{"id":1413,"global_id":"www.philharmonieroyaleconcordia.be?id=1413","global_id_lineage":["www.philharmonieroyaleconcordia.be?id=1413"],"author":"14","status":"publish","date":"2023-05-01 11:57:53","date_utc":"2023-05-01 09:57:53","modified":"2023-05-01 11:57:53","modified_utc":"2023-05-01 09:57:53","url":"https:\/\/www.philharmonieroyaleconcordia.be\/?tribe_events=broadway-concert-night-a-jemeppe-sur-sambre","rest_url":"https:\/\/www.philharmonieroyaleconcordia.be\/index.php?rest_route=\/tribe\/events\/v1\/events\/1413","title":"Broadway Concert Night \u00e0 Jemeppe-sur-Sambre","description":"<div class=\"xdj266r x11i5rnm xat24cr x1mh8g0r x1vvkbs\"><span class=\"x3nfvp2 x1j61x8r x1fcty0u xdj266r xhhsvwb xat24cr xgzva0m xxymvpz xlup9mm x1kky2od\"><img loading=\"lazy\" decoding=\"async\" src=\"https:\/\/static.xx.fbcdn.net\/images\/emoji.php\/v9\/t92\/1.5\/16\/1f4e2.png\" alt=\"\ud83d\udce2\" width=\"16\" height=\"16\"><\/span>&nbsp;La Philharmonie Royale Concordia d&#8217;OLLN est heureuse de vous convier \u00e0 son prochain concert de gala, Broadway Concert Night<span class=\"x3nfvp2 x1j61x8r x1fcty0u xdj266r xhhsvwb xat24cr xgzva0m xxymvpz xlup9mm x1kky2od\"><img loading=\"lazy\" decoding=\"async\" src=\"https:\/\/static.xx.fbcdn.net\/images\/emoji.php\/v9\/te5\/1.5\/16\/1f389.png\" alt=\"\ud83c\udf89\" width=\"16\" height=\"16\"><\/span><span class=\"x3nfvp2 x1j61x8r x1fcty0u xdj266r xhhsvwb xat24cr xgzva0m xxymvpz xlup9mm x1kky2od\"><img loading=\"lazy\" decoding=\"async\" src=\"https:\/\/static.xx.fbcdn.net\/images\/emoji.php\/v9\/t23\/1.5\/16\/1f3ba.png\" alt=\"\ud83c\udfba\" width=\"16\" height=\"16\"><\/span><span class=\"x3nfvp2 x1j61x8r x1fcty0u xdj266r xhhsvwb xat24cr xgzva0m xxymvpz xlup9mm x1kky2od\"><img loading=\"lazy\" decoding=\"async\" src=\"https:\/\/static.xx.fbcdn.net\/images\/emoji.php\/v9\/tf9\/1.5\/16\/1f3b7.png\" alt=\"\ud83c\udfb7\" width=\"16\" height=\"16\"><\/span><span class=\"x3nfvp2 x1j61x8r x1fcty0u xdj266r xhhsvwb xat24cr xgzva0m xxymvpz xlup9mm x1kky2od\"><img loading=\"lazy\" decoding=\"async\" src=\"https:\/\/static.xx.fbcdn.net\/images\/emoji.php\/v9\/te7\/1.5\/16\/1f941.png\" alt=\"\ud83e\udd41\" width=\"16\" height=\"16\"><\/span><br \/>\nPour l&#8217;occasion l&#8217;orchestre sera accompagn\u00e9 par la chanteuse Aline Stecker, alors venez \u00e9couter vos com\u00e9dies musicales pr\u00e9f\u00e9r\u00e9es !&nbsp;<span class=\"x3nfvp2 x1j61x8r x1fcty0u xdj266r xhhsvwb xat24cr xgzva0m xxymvpz xlup9mm x1kky2od\"><img loading=\"lazy\" decoding=\"async\" src=\"https:\/\/static.xx.fbcdn.net\/images\/emoji.php\/v9\/t7b\/1.5\/16\/2728.png\" alt=\"\u2728\" width=\"16\" height=\"16\"><\/span><br \/>\nAvec la participation de l\u2019acad\u00e9mie de Court-Saint-Etienne et Ottignies-Louvain-la-Neuve<br \/>\n<span class=\"x3nfvp2 x1j61x8r x1fcty0u xdj266r xhhsvwb xat24cr xgzva0m xxymvpz xlup9mm x1kky2od\"><img loading=\"lazy\" decoding=\"async\" src=\"https:\/\/static.xx.fbcdn.net\/images\/emoji.php\/v9\/t86\/1.5\/16\/1f4cd.png\" alt=\"\ud83d\udccd\" width=\"16\" height=\"16\"><\/span>&nbsp;Au Centre Culturel de Moustier-sur-Sambre<br \/>\n<span class=\"x3nfvp2 x1j61x8r x1fcty0u xdj266r xhhsvwb xat24cr xgzva0m xxymvpz xlup9mm x1kky2od\"><img loading=\"lazy\" decoding=\"async\" src=\"https:\/\/static.xx.fbcdn.net\/images\/emoji.php\/v9\/t21\/1.5\/16\/1f5fa.png\" alt=\"\ud83d\uddfa\ufe0f\" width=\"16\" height=\"16\"><\/span>&nbsp;Centre culturel Gabrielle Bernard<br \/>\nRue de la Fabrique 4C,<br \/>\n5190 Jemeppe-sur-Sambre<\/div>\n<div class=\"x11i5rnm xat24cr x1mh8g0r x1vvkbs xtlvy1s\"><span class=\"x3nfvp2 x1j61x8r x1fcty0u xdj266r xhhsvwb xat24cr xgzva0m xxymvpz xlup9mm x1kky2od\"><img loading=\"lazy\" decoding=\"async\" src=\"https:\/\/static.xx.fbcdn.net\/images\/emoji.php\/v9\/ta6\/1.5\/16\/1f4de.png\" alt=\"\ud83d\udcde\" width=\"16\" height=\"16\"><\/span>&nbsp;Renseignements : 0470\/ 26 71 33<br \/>\n<span class=\"x3nfvp2 x1j61x8r x1fcty0u xdj266r xhhsvwb xat24cr xgzva0m xxymvpz xlup9mm x1kky2od\"><img loading=\"lazy\" decoding=\"async\" src=\"https:\/\/static.xx.fbcdn.net\/images\/emoji.php\/v9\/t5\/1.5\/16\/1f3ab.png\" alt=\"\ud83c\udfab\" width=\"16\" height=\"16\"><\/span>&nbsp;Entr\u00e9e : 15\u20ac &#8211; Pr\u00e9vente : 10\u20ac<br \/>\n<span class=\"x3nfvp2 x1j61x8r x1fcty0u xdj266r xhhsvwb xat24cr xgzva0m xxymvpz xlup9mm x1kky2od\"><img loading=\"lazy\" decoding=\"async\" src=\"https:\/\/static.xx.fbcdn.net\/images\/emoji.php\/v9\/td7\/1.5\/16\/1f4c5.png\" alt=\"\ud83d\udcc5\" width=\"16\" height=\"16\"><\/span>&nbsp;Date limite des pr\u00e9ventes : 4 mai sur le compte BE70 0636 6465 2725<\/div>","excerpt":"<p>\u00a0La Philharmonie Royale Concordia d&#8217;OLLN est heureuse de vous convier \u00e0 son prochain concert de gala, Broadway Concert Night<br \/>\nPour l&#8217;occasion l&#8217;orchestre sera accompagn\u00e9 par la chanteuse Aline Stecker, alors venez \u00e9couter vos com\u00e9dies musicales pr\u00e9f\u00e9r\u00e9es !\u00a0<\/p>","slug":"broadway-concert-night-a-jemeppe-sur-sambre","image":{"url":"https:\/\/i0.wp.com\/www.philharmonieroyaleconcordia.be\/wp-content\/uploads\/2022\/06\/img-100-scaled.jpg?fit=2560%2C1440&ssl=1","id":1174,"extension":"jpg","width":2560,"height":1440,"sizes":{"medium":{"width":300,"height":169,"mime-type":"image\/jpeg","url":"https:\/\/i0.wp.com\/www.philharmonieroyaleconcordia.be\/wp-content\/uploads\/2022\/06\/img-100-scaled.jpg?fit=300%2C169&ssl=1"},"large":{"width":1024,"height":576,"mime-type":"image\/jpeg","url":"https:\/\/i0.wp.com\/www.philharmonieroyaleconcordia.be\/wp-content\/uploads\/2022\/06\/img-100-scaled.jpg?fit=950%2C534&ssl=1"},"thumbnail":{"width":150,"height":150,"mime-type":"image\/jpeg","url":"https:\/\/i0.wp.com\/www.philharmonieroyaleconcordia.be\/wp-content\/uploads\/2022\/06\/img-100-scaled.jpg?resize=150%2C150&ssl=1"},"medium_large":{"width":768,"height":432,"mime-type":"image\/jpeg","url":"https:\/\/i0.wp.com\/www.philharmonieroyaleconcordia.be\/wp-content\/uploads\/2022\/06\/img-100-scaled.jpg?fit=768%2C432&ssl=1"},"1536x1536":{"width":1536,"height":864,"mime-type":"image\/jpeg","url":"https:\/\/i0.wp.com\/www.philharmonieroyaleconcordia.be\/wp-content\/uploads\/2022\/06\/img-100-scaled.jpg?fit=1536%2C864&ssl=1"},"2048x2048":{"width":2048,"height":1152,"mime-type":"image\/jpeg","url":"https:\/\/i0.wp.com\/www.philharmonieroyaleconcordia.be\/wp-content\/uploads\/2022\/06\/img-100-scaled.jpg?fit=2048%2C1152&ssl=1"},"wppr-widget":{"width":50,"height":28,"mime-type":"image\/jpeg","url":"https:\/\/i0.wp.com\/www.philharmonieroyaleconcordia.be\/wp-content\/uploads\/2022\/06\/img-100-scaled.jpg?fit=50%2C28&ssl=1"}},"original_image":"img-100.jpg"},"all_day":false,"start_date":"2023-05-06 20:00:00","start_date_details":{"year":"2023","month":"05","day":"06","hour":"20","minutes":"00","seconds":"00"},"end_date":"2023-05-06 22:00:00","end_date_details":{"year":"2023","month":"05","day":"06","hour":"22","minutes":"00","seconds":"00"},"utc_start_date":"2023-05-06 18:00:00","utc_start_date_details":{"year":"2023","month":"05","day":"06","hour":"18","minutes":"00","seconds":"00"},"utc_end_date":"2023-05-06 20:00:00","utc_end_date_details":{"year":"2023","month":"05","day":"06","hour":"20","minutes":"00","seconds":"00"},"timezone":"Europe\/Paris","timezone_abbr":"CEST","cost":"10\u20ac","cost_details":{"currency_symbol":"","currency_code":"","currency_position":"suffix","values":["10"]},"website":"https:\/\/www.ccgb.be\/","show_map":true,"show_map_link":true,"hide_from_listings":false,"sticky":false,"featured":false,"categories":[{"name":"Concerts","slug":"concerts","term_group":0,"term_taxonomy_id":5,"taxonomy":"tribe_events_cat","description":"","parent":0,"count":13,"filter":"raw","id":5,"urls":{"self":"https:\/\/www.philharmonieroyaleconcordia.be\/index.php?rest_route=\/tribe\/events\/v1\/categories\/5","collection":"https:\/\/www.philharmonieroyaleconcordia.be\/index.php?rest_route=\/tribe\/events\/v1\/categories"}}],"tags":[],"venue":{"id":640,"author":"2","status":"publish","date":"2020-01-26 08:38:44","date_utc":"2020-01-26 07:38:44","modified":"2020-01-26 08:38:44","modified_utc":"2020-01-26 07:38:44","url":"https:\/\/www.philharmonieroyaleconcordia.be\/?tribe_venue=centre-culturel-gabrielle-bernard","venue":"Centre Culturel Gabrielle Bernard","slug":"centre-culturel-gabrielle-bernard","address":"Rue de la Fabrique 4","city":"Jemeppe-sur-Sambre","country":"Belgique","zip":"5190","json_ld":{"@type":"Place","name":"Centre Culturel Gabrielle Bernard","description":"","url":"","address":{"@type":"PostalAddress","streetAddress":"Rue de la Fabrique 4","addressLocality":"Jemeppe-sur-Sambre","postalCode":"5190","addressCountry":"Belgique"},"telephone":"","sameAs":""},"show_map":true,"show_map_link":true,"global_id":"www.philharmonieroyaleconcordia.be?id=640","global_id_lineage":["www.philharmonieroyaleconcordia.be?id=640"]},"organizer":[],"json_ld":{"@context":"http:\/\/schema.org","@type":"Event","name":"Broadway Concert Night \u00e0 Jemeppe-sur-Sambre","description":"&lt;p&gt;\u00a0La Philharmonie Royale Concordia d\\'OLLN est heureuse de vous convier \u00e0 son prochain concert de gala, Broadway Concert Night&lt;br \/&gt;\\nPour l\\'occasion l\\'orchestre sera accompagn\u00e9 par la chanteuse Aline Stecker, alors venez \u00e9couter vos com\u00e9dies musicales pr\u00e9f\u00e9r\u00e9es !\u00a0&lt;\/p&gt;\\n","image":"https:\/\/www.philharmonieroyaleconcordia.be\/wp-content\/uploads\/2022\/06\/img-100-scaled.jpg","url":"https:\/\/www.philharmonieroyaleconcordia.be\/?tribe_events=broadway-concert-night-a-jemeppe-sur-sambre","eventAttendanceMode":"https:\/\/schema.org\/OfflineEventAttendanceMode","eventStatus":"https:\/\/schema.org\/EventScheduled","startDate":"2023-05-06T20:00:00+02:00","endDate":"2023-05-06T22:00:00+02:00","location":{"@type":"Place","name":"Centre Culturel Gabrielle Bernard","description":"","url":"","address":{"@type":"PostalAddress","streetAddress":"Rue de la Fabrique 4","addressLocality":"Jemeppe-sur-Sambre","postalCode":"5190","addressCountry":"Belgique"},"telephone":"","sameAs":""},"offers":{"@type":"Offer","price":"10","priceCurrency":"USD","url":"https:\/\/www.philharmonieroyaleconcordia.be\/?tribe_events=broadway-concert-night-a-jemeppe-sur-sambre","category":"primary","availability":"inStock","validFrom":"1970-01-01T00:00:00+00:00"},"performer":"Organization"}}