{"id":2151,"global_id":"www.philharmonieroyaleconcordia.be?id=2151","global_id_lineage":["www.philharmonieroyaleconcordia.be?id=2151"],"author":"14","status":"publish","date":"2023-10-17 12:14:22","date_utc":"2023-10-17 10:14:22","modified":"2023-11-25 21:56:42","modified_utc":"2023-11-25 20:56:42","url":"https:\/\/www.philharmonieroyaleconcordia.be\/?tribe_events=concert-de-fin-dannee","rest_url":"https:\/\/www.philharmonieroyaleconcordia.be\/index.php?rest_route=\/tribe\/events\/v1\/events\/2151","title":"Concert de fin d&#8217;ann\u00e9e","description":"<div class=\"detail-item\"><span class=\"event-details-label\">Date :<\/span><span class=\"event-when\">&nbsp;15 d\u00e9cembre, 20:00 \u2013 22:00<\/span><\/div>\n<div class=\"detail-item\"><span class=\"event-details-label\">Lieu : <\/span><span class=\"event-where\">Salle Jules Ginion, Pl. Communale 2A, 1341 Ottignies-Louvain-la-Neuve, Belgique (<a class=\"menu-link\" href=\"https:\/\/maps.google.com\/maps?hl=fr&amp;q=Salle%20Jules%20Ginion%2C%20Pl.%20Communale%202A%2C%201341%20Ottignies-Louvain-la-Neuve%2C%20Belgique\" target=\"_blank\" rel=\"noopener\">plan<\/a>)<\/span><\/div>\n<div class=\"detail-item\"><span class=\"event-details-label\">Description : <\/span><span class=\"event-description\">Les d\u00e9tails pratiques seront communiqu\u00e9s d\u00e8s que possible.<\/span><\/div>\n<div>D\u00e9tails : https:\/\/fb.me\/e\/73VmahtAA<\/div>\n<div><img loading=\"lazy\" decoding=\"async\" data-attachment-id=\"2181\" data-permalink=\"https:\/\/www.philharmonieroyaleconcordia.be\/?attachment_id=2181\" data-orig-file=\"https:\/\/i0.wp.com\/www.philharmonieroyaleconcordia.be\/wp-content\/uploads\/2023\/10\/Flyers-prc-2023.png?fit=1414%2C2000&amp;ssl=1\" data-orig-size=\"1414,2000\" data-comments-opened=\"1\" data-image-meta=\"{&quot;aperture&quot;:&quot;0&quot;,&quot;credit&quot;:&quot;&quot;,&quot;camera&quot;:&quot;&quot;,&quot;caption&quot;:&quot;&quot;,&quot;created_timestamp&quot;:&quot;0&quot;,&quot;copyright&quot;:&quot;&quot;,&quot;focal_length&quot;:&quot;0&quot;,&quot;iso&quot;:&quot;0&quot;,&quot;shutter_speed&quot;:&quot;0&quot;,&quot;title&quot;:&quot;&quot;,&quot;orientation&quot;:&quot;0&quot;}\" data-image-title=\"Flyers prc 2023\" data-image-description=\"\" data-image-caption=\"\" data-medium-file=\"https:\/\/i0.wp.com\/www.philharmonieroyaleconcordia.be\/wp-content\/uploads\/2023\/10\/Flyers-prc-2023.png?fit=212%2C300&amp;ssl=1\" data-large-file=\"https:\/\/i0.wp.com\/www.philharmonieroyaleconcordia.be\/wp-content\/uploads\/2023\/10\/Flyers-prc-2023.png?fit=724%2C1024&amp;ssl=1\" class=\"size-medium wp-image-2181 alignleft\" src=\"https:\/\/i0.wp.com\/www.philharmonieroyaleconcordia.be\/wp-content\/uploads\/2023\/10\/Flyers-prc-2023.png?resize=212%2C300\" alt=\"\" width=\"212\" height=\"300\" srcset=\"https:\/\/i0.wp.com\/www.philharmonieroyaleconcordia.be\/wp-content\/uploads\/2023\/10\/Flyers-prc-2023.png?resize=212%2C300&amp;ssl=1 212w, https:\/\/i0.wp.com\/www.philharmonieroyaleconcordia.be\/wp-content\/uploads\/2023\/10\/Flyers-prc-2023.png?resize=724%2C1024&amp;ssl=1 724w, https:\/\/i0.wp.com\/www.philharmonieroyaleconcordia.be\/wp-content\/uploads\/2023\/10\/Flyers-prc-2023.png?resize=768%2C1086&amp;ssl=1 768w, https:\/\/i0.wp.com\/www.philharmonieroyaleconcordia.be\/wp-content\/uploads\/2023\/10\/Flyers-prc-2023.png?resize=1086%2C1536&amp;ssl=1 1086w, https:\/\/i0.wp.com\/www.philharmonieroyaleconcordia.be\/wp-content\/uploads\/2023\/10\/Flyers-prc-2023.png?resize=35%2C50&amp;ssl=1 35w, https:\/\/i0.wp.com\/www.philharmonieroyaleconcordia.be\/wp-content\/uploads\/2023\/10\/Flyers-prc-2023.png?w=1414&amp;ssl=1 1414w\" sizes=\"auto, (max-width: 212px) 100vw, 212px\" data-recalc-dims=\"1\" \/><\/div>","excerpt":"","slug":"concert-de-fin-dannee","image":{"url":"https:\/\/i0.wp.com\/www.philharmonieroyaleconcordia.be\/wp-content\/uploads\/2023\/10\/Flyers-prc-2023.png?fit=1414%2C2000&ssl=1","id":2181,"extension":"png","width":1414,"height":2000,"filesize":2506291,"sizes":{"medium":{"width":212,"height":300,"mime-type":"image\/png","filesize":88172,"url":"https:\/\/i0.wp.com\/www.philharmonieroyaleconcordia.be\/wp-content\/uploads\/2023\/10\/Flyers-prc-2023.png?fit=212%2C300&ssl=1"},"large":{"width":724,"height":1024,"mime-type":"image\/png","filesize":646806,"url":"https:\/\/i0.wp.com\/www.philharmonieroyaleconcordia.be\/wp-content\/uploads\/2023\/10\/Flyers-prc-2023.png?fit=724%2C1024&ssl=1"},"thumbnail":{"width":150,"height":150,"mime-type":"image\/png","filesize":30876,"url":"https:\/\/i0.wp.com\/www.philharmonieroyaleconcordia.be\/wp-content\/uploads\/2023\/10\/Flyers-prc-2023.png?resize=150%2C150&ssl=1"},"medium_large":{"width":768,"height":1086,"mime-type":"image\/png","filesize":722350,"url":"https:\/\/i0.wp.com\/www.philharmonieroyaleconcordia.be\/wp-content\/uploads\/2023\/10\/Flyers-prc-2023.png?fit=768%2C1086&ssl=1"},"1536x1536":{"width":1086,"height":1536,"mime-type":"image\/png","filesize":1306262,"url":"https:\/\/i0.wp.com\/www.philharmonieroyaleconcordia.be\/wp-content\/uploads\/2023\/10\/Flyers-prc-2023.png?fit=1086%2C1536&ssl=1"},"wppr-widget":{"width":35,"height":50,"mime-type":"image\/png","filesize":3916,"url":"https:\/\/i0.wp.com\/www.philharmonieroyaleconcordia.be\/wp-content\/uploads\/2023\/10\/Flyers-prc-2023.png?fit=35%2C50&ssl=1"},"inspiro-loop":{"width":950,"height":320,"mime-type":"image\/png","filesize":98903,"url":"https:\/\/i0.wp.com\/www.philharmonieroyaleconcordia.be\/wp-content\/uploads\/2023\/10\/Flyers-prc-2023.png?resize=950%2C320&ssl=1"},"inspiro-loop@2x":{"width":1414,"height":640,"mime-type":"image\/png","filesize":468505,"url":"https:\/\/i0.wp.com\/www.philharmonieroyaleconcordia.be\/wp-content\/uploads\/2023\/10\/Flyers-prc-2023.png?resize=1414%2C640&ssl=1"}}},"all_day":false,"start_date":"2023-12-15 20:00:00","start_date_details":{"year":"2023","month":"12","day":"15","hour":"20","minutes":"00","seconds":"00"},"end_date":"2023-12-15 22:00:00","end_date_details":{"year":"2023","month":"12","day":"15","hour":"22","minutes":"00","seconds":"00"},"utc_start_date":"2023-12-15 19:00:00","utc_start_date_details":{"year":"2023","month":"12","day":"15","hour":"19","minutes":"00","seconds":"00"},"utc_end_date":"2023-12-15 21:00:00","utc_end_date_details":{"year":"2023","month":"12","day":"15","hour":"21","minutes":"00","seconds":"00"},"timezone":"Europe\/Paris","timezone_abbr":"CET","cost":"","cost_details":{"currency_symbol":"","currency_code":"","currency_position":"suffix","values":[]},"website":"","show_map":true,"show_map_link":true,"hide_from_listings":false,"sticky":false,"featured":false,"categories":[{"name":"Concerts","slug":"concerts","term_group":0,"term_taxonomy_id":5,"taxonomy":"tribe_events_cat","description":"","parent":0,"count":13,"filter":"raw","id":5,"urls":{"self":"https:\/\/www.philharmonieroyaleconcordia.be\/index.php?rest_route=\/tribe\/events\/v1\/categories\/5","collection":"https:\/\/www.philharmonieroyaleconcordia.be\/index.php?rest_route=\/tribe\/events\/v1\/categories"}}],"tags":[],"venue":[],"organizer":[],"json_ld":{"@context":"http:\/\/schema.org","@type":"Event","name":"Concert de fin d&#8217;ann\u00e9e","description":"&lt;p&gt;Date :&nbsp;15 d\u00e9cembre, 20:00 \u2013 22:00 Lieu : Salle Jules Ginion, Pl. Communale 2A, 1341 Ottignies-Louvain-la-Neuve, Belgique (plan) Description : Les d\u00e9tails pratiques seront communiqu\u00e9s d\u00e8s que possible. D\u00e9tails : &hellip; &lt;\/p&gt;\\n&lt;p class=&quot;link-more&quot;&gt;&lt;a href=&quot;https:\/\/www.philharmonieroyaleconcordia.be\/?tribe_events=concert-de-fin-dannee&quot; class=&quot;more-link&quot;&gt;Lire la suite de&lt;span class=&quot;screen-reader-text&quot;&gt;\u00ab\u00a0Concert de fin d&#8217;ann\u00e9e\u00a0\u00bb&lt;\/span&gt;&lt;\/a&gt;&lt;\/p&gt;\\n","image":"https:\/\/www.philharmonieroyaleconcordia.be\/wp-content\/uploads\/2023\/10\/Flyers-prc-2023.png","url":"https:\/\/www.philharmonieroyaleconcordia.be\/?tribe_events=concert-de-fin-dannee","eventAttendanceMode":"https:\/\/schema.org\/OfflineEventAttendanceMode","eventStatus":"https:\/\/schema.org\/EventScheduled","startDate":"2023-12-15T20:00:00+01:00","endDate":"2023-12-15T22:00:00+01:00","performer":"Organization"}}