{"id":802,"global_id":"www.philharmonieroyaleconcordia.be?id=802","global_id_lineage":["www.philharmonieroyaleconcordia.be?id=802"],"author":"4","status":"publish","date":"2021-05-08 18:56:24","date_utc":"2021-05-08 16:56:24","modified":"2021-05-08 18:59:41","modified_utc":"2021-05-08 16:59:41","url":"https:\/\/www.philharmonieroyaleconcordia.be\/?tribe_events=commemoration-patriotique","rest_url":"https:\/\/www.philharmonieroyaleconcordia.be\/index.php?rest_route=\/tribe\/events\/v1\/events\/802","title":"Comm\u00e9moration patriotique","description":"<p><img loading=\"lazy\" decoding=\"async\" data-attachment-id=\"809\" data-permalink=\"https:\/\/www.philharmonieroyaleconcordia.be\/?attachment_id=809\" data-orig-file=\"https:\/\/i0.wp.com\/www.philharmonieroyaleconcordia.be\/wp-content\/uploads\/2021\/05\/Camps-de-concentration.jpg?fit=299%2C168&amp;ssl=1\" data-orig-size=\"299,168\" data-comments-opened=\"1\" data-image-meta=\"{&quot;aperture&quot;:&quot;0&quot;,&quot;credit&quot;:&quot;&quot;,&quot;camera&quot;:&quot;&quot;,&quot;caption&quot;:&quot;&quot;,&quot;created_timestamp&quot;:&quot;0&quot;,&quot;copyright&quot;:&quot;&quot;,&quot;focal_length&quot;:&quot;0&quot;,&quot;iso&quot;:&quot;0&quot;,&quot;shutter_speed&quot;:&quot;0&quot;,&quot;title&quot;:&quot;&quot;,&quot;orientation&quot;:&quot;0&quot;}\" data-image-title=\"Camps de concentration\" data-image-description=\"\" data-image-caption=\"\" data-medium-file=\"https:\/\/i0.wp.com\/www.philharmonieroyaleconcordia.be\/wp-content\/uploads\/2021\/05\/Camps-de-concentration.jpg?fit=299%2C168&amp;ssl=1\" data-large-file=\"https:\/\/i0.wp.com\/www.philharmonieroyaleconcordia.be\/wp-content\/uploads\/2021\/05\/Camps-de-concentration.jpg?fit=299%2C168&amp;ssl=1\" class=\"alignnone wp-image-809\" src=\"https:\/\/i0.wp.com\/www.philharmonieroyaleconcordia.be\/wp-content\/uploads\/2021\/05\/Camps-de-concentration.jpg?resize=201%2C113\" alt=\"\" width=\"201\" height=\"113\" srcset=\"https:\/\/i0.wp.com\/www.philharmonieroyaleconcordia.be\/wp-content\/uploads\/2021\/05\/Camps-de-concentration.jpg?w=299&amp;ssl=1 299w, https:\/\/i0.wp.com\/www.philharmonieroyaleconcordia.be\/wp-content\/uploads\/2021\/05\/Camps-de-concentration.jpg?resize=50%2C28&amp;ssl=1 50w\" sizes=\"auto, (max-width: 201px) 100vw, 201px\" data-recalc-dims=\"1\" \/> <img loading=\"lazy\" decoding=\"async\" data-attachment-id=\"810\" data-permalink=\"https:\/\/www.philharmonieroyaleconcordia.be\/?attachment_id=810\" data-orig-file=\"https:\/\/i0.wp.com\/www.philharmonieroyaleconcordia.be\/wp-content\/uploads\/2021\/05\/Ecusson-arm\u00e9e-secr\u00e8te.jpg?fit=234%2C207&amp;ssl=1\" data-orig-size=\"234,207\" data-comments-opened=\"1\" data-image-meta=\"{&quot;aperture&quot;:&quot;0&quot;,&quot;credit&quot;:&quot;&quot;,&quot;camera&quot;:&quot;&quot;,&quot;caption&quot;:&quot;&quot;,&quot;created_timestamp&quot;:&quot;0&quot;,&quot;copyright&quot;:&quot;&quot;,&quot;focal_length&quot;:&quot;0&quot;,&quot;iso&quot;:&quot;0&quot;,&quot;shutter_speed&quot;:&quot;0&quot;,&quot;title&quot;:&quot;&quot;,&quot;orientation&quot;:&quot;0&quot;}\" data-image-title=\"Ecusson arm\u00e9e secr\u00e8te\" data-image-description=\"\" data-image-caption=\"\" data-medium-file=\"https:\/\/i0.wp.com\/www.philharmonieroyaleconcordia.be\/wp-content\/uploads\/2021\/05\/Ecusson-arm\u00e9e-secr\u00e8te.jpg?fit=234%2C207&amp;ssl=1\" data-large-file=\"https:\/\/i0.wp.com\/www.philharmonieroyaleconcordia.be\/wp-content\/uploads\/2021\/05\/Ecusson-arm\u00e9e-secr\u00e8te.jpg?fit=234%2C207&amp;ssl=1\" class=\"wp-image-810 alignright\" src=\"https:\/\/i0.wp.com\/www.philharmonieroyaleconcordia.be\/wp-content\/uploads\/2021\/05\/Ecusson-arm\u00e9e-secr\u00e8te.jpg?resize=104%2C92\" alt=\"\" width=\"104\" height=\"92\" srcset=\"https:\/\/i0.wp.com\/www.philharmonieroyaleconcordia.be\/wp-content\/uploads\/2021\/05\/Ecusson-arm\u00e9e-secr\u00e8te.jpg?w=234&amp;ssl=1 234w, https:\/\/i0.wp.com\/www.philharmonieroyaleconcordia.be\/wp-content\/uploads\/2021\/05\/Ecusson-arm\u00e9e-secr\u00e8te.jpg?resize=50%2C44&amp;ssl=1 50w\" sizes=\"auto, (max-width: 104px) 100vw, 104px\" data-recalc-dims=\"1\" \/><\/p>\n<p style=\"text-align: center;\"><strong>Comme chaque ann\u00e9e, \u00e0 la demande des autorit\u00e9s de la Ville d&#8217;Ottignies Louvain-La-Neuve a Philharmonie Royale Concordia prendra part \u00e0 la <span style=\"color: #0000ff;\"><em>comm\u00e9moration de la<\/em> <em>lib\u00e9ration des camps de concentration<\/em><\/span> et \u00e0 la <span style=\"color: #0000ff;\"><em>c\u00e9r\u00e9monie d&#8217;hommage \u00e0 l&#8217;escadron Brumagne<\/em><\/span>.<\/strong><\/p>\n<p style=\"text-align: center;\">Vu le contexte sanitaire, exceptionnellement en 2021, la Philharmonie Royale Concordia sera pr\u00e9sente mais uniquement avec la prestation d&#8217;un trompettiste.<\/p>","excerpt":"","slug":"commemoration-patriotique","image":false,"all_day":false,"start_date":"2021-05-19 15:00:00","start_date_details":{"year":"2021","month":"05","day":"19","hour":"15","minutes":"00","seconds":"00"},"end_date":"2021-05-19 16:00:00","end_date_details":{"year":"2021","month":"05","day":"19","hour":"16","minutes":"00","seconds":"00"},"utc_start_date":"2021-05-19 13:00:00","utc_start_date_details":{"year":"2021","month":"05","day":"19","hour":"13","minutes":"00","seconds":"00"},"utc_end_date":"2021-05-19 14:00:00","utc_end_date_details":{"year":"2021","month":"05","day":"19","hour":"14","minutes":"00","seconds":"00"},"timezone":"Europe\/Paris","timezone_abbr":"CEST","cost":"Gratuit","cost_details":{"currency_symbol":"","currency_code":"","currency_position":"suffix","values":["gratuit"]},"website":"","show_map":true,"show_map_link":true,"hide_from_listings":false,"sticky":false,"featured":false,"categories":[{"name":"Prestation Patriotiques","slug":"pp","term_group":0,"term_taxonomy_id":9,"taxonomy":"tribe_events_cat","description":"","parent":5,"count":5,"filter":"raw","id":9,"urls":{"self":"https:\/\/www.philharmonieroyaleconcordia.be\/index.php?rest_route=\/tribe\/events\/v1\/categories\/9","collection":"https:\/\/www.philharmonieroyaleconcordia.be\/index.php?rest_route=\/tribe\/events\/v1\/categories","up":"https:\/\/www.philharmonieroyaleconcordia.be\/index.php?rest_route=\/tribe\/events\/v1\/categories\/5"}}],"tags":[],"venue":{"id":804,"author":"4","status":"publish","date":"2021-05-08 18:56:24","date_utc":"2021-05-08 16:56:24","modified":"2021-05-08 18:56:24","modified_utc":"2021-05-08 16:56:24","url":"https:\/\/www.philharmonieroyaleconcordia.be\/?tribe_venue=espace-st-remi","venue":"Espace St R\u00e9mi","slug":"espace-st-remi","address":"Avenue des combattants","city":"Ottignies-Louvain-la-Neuve","country":"Belgique","zip":"1340","json_ld":{"@type":"Place","name":"Espace St R\u00e9mi","description":"","url":"","address":{"@type":"PostalAddress","streetAddress":"Avenue des combattants","addressLocality":"Ottignies-Louvain-la-Neuve","postalCode":"1340","addressCountry":"Belgique"},"telephone":"","sameAs":""},"show_map":true,"show_map_link":true,"global_id":"www.philharmonieroyaleconcordia.be?id=804","global_id_lineage":["www.philharmonieroyaleconcordia.be?id=804"]},"organizer":[{"id":805,"author":"4","status":"publish","date":"2021-05-08 18:56:24","date_utc":"2021-05-08 16:56:24","modified":"2021-05-08 18:56:24","modified_utc":"2021-05-08 16:56:24","url":"https:\/\/www.philharmonieroyaleconcordia.be\/?tribe_organizer=ville-dottignies-louvain-la-neuve","organizer":"Ville d&#8217;Ottignies Louvain-La-Neuve","slug":"ville-dottignies-louvain-la-neuve","json_ld":{"@type":"Person","name":"Ville d&#8217;Ottignies Louvain-La-Neuve","description":"","url":"","telephone":"","email":"","sameAs":""},"global_id":"www.philharmonieroyaleconcordia.be?id=805","global_id_lineage":["www.philharmonieroyaleconcordia.be?id=805"]}],"json_ld":{"@context":"http:\/\/schema.org","@type":"Event","name":"Comm\u00e9moration patriotique","description":"&lt;p&gt;Comme chaque ann\u00e9e, \u00e0 la demande des autorit\u00e9s de la Ville d\\'Ottignies Louvain-La-Neuve a Philharmonie Royale Concordia prendra part \u00e0 la comm\u00e9moration de la lib\u00e9ration des camps de concentration et &hellip; &lt;\/p&gt;\\n&lt;p class=&quot;link-more&quot;&gt;&lt;a href=&quot;https:\/\/www.philharmonieroyaleconcordia.be\/?tribe_events=commemoration-patriotique&quot; class=&quot;more-link&quot;&gt;Lire la suite de&lt;span class=&quot;screen-reader-text&quot;&gt;\u00ab\u00a0Comm\u00e9moration patriotique\u00a0\u00bb&lt;\/span&gt;&lt;\/a&gt;&lt;\/p&gt;\\n","url":"https:\/\/www.philharmonieroyaleconcordia.be\/?tribe_events=commemoration-patriotique","eventAttendanceMode":"https:\/\/schema.org\/OfflineEventAttendanceMode","eventStatus":"https:\/\/schema.org\/EventScheduled","startDate":"2021-05-19T15:00:00+02:00","endDate":"2021-05-19T16:00:00+02:00","location":{"@type":"Place","name":"Espace St R\u00e9mi","description":"","url":"","address":{"@type":"PostalAddress","streetAddress":"Avenue des combattants","addressLocality":"Ottignies-Louvain-la-Neuve","postalCode":"1340","addressCountry":"Belgique"},"telephone":"","sameAs":""},"organizer":{"@type":"Person","name":"Ville d&#8217;Ottignies Louvain-La-Neuve","description":"","url":"","telephone":"","email":"","sameAs":""},"offers":{"@type":"Offer","price":"0","priceCurrency":"USD","url":"https:\/\/www.philharmonieroyaleconcordia.be\/?tribe_events=commemoration-patriotique","category":"primary","availability":"inStock","validFrom":"1970-01-01T00:00:00+00:00"},"performer":"Organization"}}