{"id":847,"global_id":"www.philharmonieroyaleconcordia.be?id=847","global_id_lineage":["www.philharmonieroyaleconcordia.be?id=847"],"author":"4","status":"publish","date":"2021-05-27 16:17:59","date_utc":"2021-05-27 14:17:59","modified":"2021-10-01 22:39:32","modified_utc":"2021-10-01 20:39:32","url":"https:\/\/www.philharmonieroyaleconcordia.be\/?tribe_events=commemorations-patriotique-le-ravivage-de-la-flamme-provinciale-du-souvenir","rest_url":"https:\/\/www.philharmonieroyaleconcordia.be\/index.php?rest_route=\/tribe\/events\/v1\/events\/847","title":"Comm\u00e9morations patriotique &#8211; Le ravivage de la Flamme provinciale du souvenir","description":"<h4 style=\"text-align: left;\">Cette ann\u00e9e encore, la ville d&#8217;Ottignies Louvain-La-Neuve a sollicit\u00e9 la Philharmonie Royale Concordia pour rehausser musicalement la c\u00e9r\u00e9monie du &#8220;Ravivage de la Flamme provinciale du souvenir.<\/h4>\n<h4 style=\"text-align: left;\">Cette c\u00e9r\u00e9monie a pour but de se souvenir de l\u2019histoire de notre pays et de r\u00e9affirmer notre reconnaissance aux \u00ab Anciens \u00bb au travers d\u2019une c\u00e9r\u00e9monie r\u00e9unissant, \u00e0 Ottignies-Louvain-la-Neuve, les membres des Associations patriotiques et les Autorit\u00e9s communales des 27 entit\u00e9s du Brabant wallon ainsi que d\u2019autres provinces.<\/h4>\n<h4 style=\"text-align: left;\">Un cort\u00e8ge est form\u00e9 \u00e0 l\u2019H\u00f4tel de Ville pour se rendre \u00e0 l\u2019\u00e9glise de Mousty o\u00f9 la Flamme du Souvenir est rallum\u00e9e.<\/h4>","excerpt":"","slug":"commemorations-patriotique-le-ravivage-de-la-flamme-provinciale-du-souvenir","image":{"url":"https:\/\/i0.wp.com\/www.philharmonieroyaleconcordia.be\/wp-content\/uploads\/2021\/05\/Echevine.jpg?fit=280%2C180&ssl=1","id":851,"extension":"jpg","width":280,"height":180,"sizes":{"thumbnail":{"width":150,"height":150,"mime-type":"image\/jpeg","url":"https:\/\/i0.wp.com\/www.philharmonieroyaleconcordia.be\/wp-content\/uploads\/2021\/05\/Echevine.jpg?resize=150%2C150&ssl=1"},"wppr-widget":{"width":50,"height":32,"mime-type":"image\/jpeg","url":"https:\/\/i0.wp.com\/www.philharmonieroyaleconcordia.be\/wp-content\/uploads\/2021\/05\/Echevine.jpg?fit=50%2C32&ssl=1"}}},"all_day":false,"start_date":"2021-11-06 16:00:00","start_date_details":{"year":"2021","month":"11","day":"06","hour":"16","minutes":"00","seconds":"00"},"end_date":"2021-11-06 19:30:00","end_date_details":{"year":"2021","month":"11","day":"06","hour":"19","minutes":"30","seconds":"00"},"utc_start_date":"2021-11-06 15:00:00","utc_start_date_details":{"year":"2021","month":"11","day":"06","hour":"15","minutes":"00","seconds":"00"},"utc_end_date":"2021-11-06 18:30:00","utc_end_date_details":{"year":"2021","month":"11","day":"06","hour":"18","minutes":"30","seconds":"00"},"timezone":"Europe\/Paris","timezone_abbr":"CET","cost":"Free","cost_details":{"currency_symbol":"","currency_code":"","currency_position":"suffix","values":["0"]},"website":"https:\/\/www.olln.be\/fr\/ma-ville\/services-au-public\/activites-citoyens\/matieres-patriotiques","show_map":true,"show_map_link":true,"hide_from_listings":false,"sticky":false,"featured":false,"categories":[],"tags":[],"venue":{"id":854,"author":"4","status":"publish","date":"2021-05-27 16:17:59","date_utc":"2021-05-27 14:17:59","modified":"2021-05-27 16:17:59","modified_utc":"2021-05-27 14:17:59","url":"https:\/\/www.philharmonieroyaleconcordia.be\/?tribe_venue=eglise-de-ceroux-mousty","venue":"Eglise de C\u00e9roux-Mousty","slug":"eglise-de-ceroux-mousty","address":"Place de l'Eglise 6","city":"C\u00e9roux-Mousty","zip":"1341","json_ld":{"@type":"Place","name":"Eglise de C\u00e9roux-Mousty","description":"","url":"","address":{"@type":"PostalAddress","streetAddress":"Place de l&#039;Eglise 6","addressLocality":"C\u00e9roux-Mousty","postalCode":"1341"},"telephone":"","sameAs":""},"show_map":true,"show_map_link":true,"global_id":"www.philharmonieroyaleconcordia.be?id=854","global_id_lineage":["www.philharmonieroyaleconcordia.be?id=854"]},"organizer":[{"id":805,"author":"4","status":"publish","date":"2021-05-08 18:56:24","date_utc":"2021-05-08 16:56:24","modified":"2021-05-08 18:56:24","modified_utc":"2021-05-08 16:56:24","url":"https:\/\/www.philharmonieroyaleconcordia.be\/?tribe_organizer=ville-dottignies-louvain-la-neuve","organizer":"Ville d&#8217;Ottignies Louvain-La-Neuve","slug":"ville-dottignies-louvain-la-neuve","json_ld":{"@type":"Person","name":"Ville d&#8217;Ottignies Louvain-La-Neuve","description":"","url":"","telephone":"","email":"","sameAs":""},"global_id":"www.philharmonieroyaleconcordia.be?id=805","global_id_lineage":["www.philharmonieroyaleconcordia.be?id=805"]}],"json_ld":{"@context":"http:\/\/schema.org","@type":"Event","name":"Comm\u00e9morations patriotique &#8211; Le ravivage de la Flamme provinciale du souvenir","description":"&lt;p&gt;Cette ann\u00e9e encore, la ville d\\'Ottignies Louvain-La-Neuve a sollicit\u00e9 la Philharmonie Royale Concordia pour rehausser musicalement la c\u00e9r\u00e9monie du &quot;Ravivage de la Flamme provinciale du souvenir. Cette c\u00e9r\u00e9monie a pour &hellip; &lt;\/p&gt;\\n&lt;p class=&quot;link-more&quot;&gt;&lt;a href=&quot;https:\/\/www.philharmonieroyaleconcordia.be\/?tribe_events=commemorations-patriotique-le-ravivage-de-la-flamme-provinciale-du-souvenir&quot; class=&quot;more-link&quot;&gt;Lire la suite de&lt;span class=&quot;screen-reader-text&quot;&gt;\u00ab\u00a0Comm\u00e9morations patriotique &#8211; Le ravivage de la Flamme provinciale du souvenir\u00a0\u00bb&lt;\/span&gt;&lt;\/a&gt;&lt;\/p&gt;\\n","image":"https:\/\/www.philharmonieroyaleconcordia.be\/wp-content\/uploads\/2021\/05\/Echevine.jpg","url":"https:\/\/www.philharmonieroyaleconcordia.be\/?tribe_events=commemorations-patriotique-le-ravivage-de-la-flamme-provinciale-du-souvenir","eventAttendanceMode":"https:\/\/schema.org\/OfflineEventAttendanceMode","eventStatus":"https:\/\/schema.org\/EventScheduled","startDate":"2021-11-06T16:00:00+01:00","endDate":"2021-11-06T19:30:00+01:00","location":{"@type":"Place","name":"Eglise de C\u00e9roux-Mousty","description":"","url":"","address":{"@type":"PostalAddress","streetAddress":"Place de l&#039;Eglise 6","addressLocality":"C\u00e9roux-Mousty","postalCode":"1341"},"telephone":"","sameAs":""},"organizer":{"@type":"Person","name":"Ville d&#8217;Ottignies Louvain-La-Neuve","description":"","url":"","telephone":"","email":"","sameAs":""},"offers":{"@type":"Offer","price":"Free","priceCurrency":"USD","url":"https:\/\/www.philharmonieroyaleconcordia.be\/?tribe_events=commemorations-patriotique-le-ravivage-de-la-flamme-provinciale-du-souvenir","category":"primary","availability":"inStock","validFrom":"1970-01-01T00:00:00+00:00"},"performer":"Organization"}}