{"id":938,"global_id":"www.philharmonieroyaleconcordia.be?id=938","global_id_lineage":["www.philharmonieroyaleconcordia.be?id=938"],"author":"4","status":"publish","date":"2021-06-30 12:13:57","date_utc":"2021-06-30 10:13:57","modified":"2021-06-30 12:13:57","modified_utc":"2021-06-30 10:13:57","url":"https:\/\/www.philharmonieroyaleconcordia.be\/?tribe_events=concert-lors-des-fetes-de-wallonie-2021","rest_url":"https:\/\/www.philharmonieroyaleconcordia.be\/index.php?rest_route=\/tribe\/events\/v1\/events\/938","title":"Concert lors des F\u00eates de Wallonie 2021","description":"<h4 style=\"text-align: center;\"><strong><img loading=\"lazy\" decoding=\"async\" data-attachment-id=\"944\" data-permalink=\"https:\/\/www.philharmonieroyaleconcordia.be\/?attachment_id=944\" data-orig-file=\"https:\/\/i0.wp.com\/www.philharmonieroyaleconcordia.be\/wp-content\/uploads\/2021\/06\/Blanson-Ottignies.jpg?fit=238%2C257&amp;ssl=1\" data-orig-size=\"238,257\" data-comments-opened=\"1\" data-image-meta=\"{&quot;aperture&quot;:&quot;0&quot;,&quot;credit&quot;:&quot;&quot;,&quot;camera&quot;:&quot;&quot;,&quot;caption&quot;:&quot;&quot;,&quot;created_timestamp&quot;:&quot;0&quot;,&quot;copyright&quot;:&quot;&quot;,&quot;focal_length&quot;:&quot;0&quot;,&quot;iso&quot;:&quot;0&quot;,&quot;shutter_speed&quot;:&quot;0&quot;,&quot;title&quot;:&quot;&quot;,&quot;orientation&quot;:&quot;0&quot;}\" data-image-title=\"Blanson Ottignies\" data-image-description=\"\" data-image-caption=\"\" data-medium-file=\"https:\/\/i0.wp.com\/www.philharmonieroyaleconcordia.be\/wp-content\/uploads\/2021\/06\/Blanson-Ottignies.jpg?fit=238%2C257&amp;ssl=1\" data-large-file=\"https:\/\/i0.wp.com\/www.philharmonieroyaleconcordia.be\/wp-content\/uploads\/2021\/06\/Blanson-Ottignies.jpg?fit=238%2C257&amp;ssl=1\" class=\"wp-image-944 alignleft\" src=\"https:\/\/i0.wp.com\/www.philharmonieroyaleconcordia.be\/wp-content\/uploads\/2021\/06\/Blanson-Ottignies.jpg?resize=112%2C120\" alt=\"\" width=\"112\" height=\"120\" srcset=\"https:\/\/i0.wp.com\/www.philharmonieroyaleconcordia.be\/wp-content\/uploads\/2021\/06\/Blanson-Ottignies.jpg?w=238&amp;ssl=1 238w, https:\/\/i0.wp.com\/www.philharmonieroyaleconcordia.be\/wp-content\/uploads\/2021\/06\/Blanson-Ottignies.jpg?resize=46%2C50&amp;ssl=1 46w\" sizes=\"auto, (max-width: 112px) 100vw, 112px\" data-recalc-dims=\"1\" \/><\/strong><\/h4>\n<h5 style=\"text-align: center;\"><strong>A l\u2019invitation de monsieur Benoit Jacobs -Premier \u00c9chevin et du pr\u00e9sident du comit\u00e9 des f\u00eates de Wallonie d\u2019Ottignies-Louvain-La-Neuve, Monsieur G\u00e9rard Verbiest, nous avons le plaisir de vous annoncer que la Philharmonie Royale Concordia se produira \u00e0 l\u2019Espace du C\u0153ur de Ville de 13h \u00e0 14h30<\/strong>.<\/h5>","excerpt":"","slug":"concert-lors-des-fetes-de-wallonie-2021","image":{"url":"https:\/\/i0.wp.com\/www.philharmonieroyaleconcordia.be\/wp-content\/uploads\/2021\/06\/F\u00eate-de-Wallonie.jpg?fit=300%2C100&ssl=1","id":946,"extension":"jpg","width":300,"height":100,"sizes":{"thumbnail":{"width":150,"height":100,"mime-type":"image\/jpeg","url":"https:\/\/i0.wp.com\/www.philharmonieroyaleconcordia.be\/wp-content\/uploads\/2021\/06\/F\u00eate-de-Wallonie.jpg?resize=150%2C100&ssl=1"},"wppr-widget":{"width":50,"height":17,"mime-type":"image\/jpeg","url":"https:\/\/i0.wp.com\/www.philharmonieroyaleconcordia.be\/wp-content\/uploads\/2021\/06\/F\u00eate-de-Wallonie.jpg?fit=50%2C17&ssl=1"}}},"all_day":false,"start_date":"2021-09-19 13:00:00","start_date_details":{"year":"2021","month":"09","day":"19","hour":"13","minutes":"00","seconds":"00"},"end_date":"2021-09-19 14:30:00","end_date_details":{"year":"2021","month":"09","day":"19","hour":"14","minutes":"30","seconds":"00"},"utc_start_date":"2021-09-19 11:00:00","utc_start_date_details":{"year":"2021","month":"09","day":"19","hour":"11","minutes":"00","seconds":"00"},"utc_end_date":"2021-09-19 12:30:00","utc_end_date_details":{"year":"2021","month":"09","day":"19","hour":"12","minutes":"30","seconds":"00"},"timezone":"Europe\/Paris","timezone_abbr":"CEST","cost":"Gratuit","cost_details":{"currency_symbol":"","currency_code":"","currency_position":"suffix","values":["gratuit"]},"website":"","show_map":true,"show_map_link":true,"hide_from_listings":false,"sticky":false,"featured":false,"categories":[],"tags":[],"venue":{"id":940,"author":"4","status":"publish","date":"2021-06-30 12:13:57","date_utc":"2021-06-30 10:13:57","modified":"2021-06-30 12:13:57","modified_utc":"2021-06-30 10:13:57","url":"https:\/\/www.philharmonieroyaleconcordia.be\/?tribe_venue=espace-du-coeur-de-ville-ottignies","venue":"Espace du coeur de ville ottignies","slug":"espace-du-coeur-de-ville-ottignies","city":"Ottignies-Louvain-la-Neuve","country":"Belgique","zip":"1340","json_ld":{"@type":"Place","name":"Espace du coeur de ville ottignies","description":"","url":"","address":{"@type":"PostalAddress","addressLocality":"Ottignies-Louvain-la-Neuve","postalCode":"1340","addressCountry":"Belgique"},"telephone":"","sameAs":""},"show_map":true,"show_map_link":true,"global_id":"www.philharmonieroyaleconcordia.be?id=940","global_id_lineage":["www.philharmonieroyaleconcordia.be?id=940"]},"organizer":[{"id":941,"author":"4","status":"publish","date":"2021-06-30 12:13:57","date_utc":"2021-06-30 10:13:57","modified":"2021-06-30 12:13:57","modified_utc":"2021-06-30 10:13:57","url":"https:\/\/www.philharmonieroyaleconcordia.be\/?tribe_organizer=comite-des-fetes-de-wallonie-dottignies-lln-asbl","organizer":"Comit\u00e9 des F\u00eates de Wallonie d&#8217;Ottignies-LLN asbl","slug":"comite-des-fetes-de-wallonie-dottignies-lln-asbl","website":"http:\/\/www.fetesdewallonieolln.be\/","json_ld":{"@type":"Person","name":"Comit\u00e9 des F\u00eates de Wallonie d&#8217;Ottignies-LLN asbl","description":"","url":"http:\/\/www.fetesdewallonieolln.be\/","telephone":"","email":"","sameAs":"http:\/\/www.fetesdewallonieolln.be\/"},"global_id":"www.philharmonieroyaleconcordia.be?id=941","global_id_lineage":["www.philharmonieroyaleconcordia.be?id=941"]}],"json_ld":{"@context":"http:\/\/schema.org","@type":"Event","name":"Concert lors des F\u00eates de Wallonie 2021","description":"&lt;p&gt;A l\u2019invitation de monsieur Benoit Jacobs -Premier \u00c9chevin et du pr\u00e9sident du comit\u00e9 des f\u00eates de Wallonie d\u2019Ottignies-Louvain-La-Neuve, Monsieur G\u00e9rard Verbiest, nous avons le plaisir de vous annoncer que la &hellip; &lt;\/p&gt;\\n&lt;p class=&quot;link-more&quot;&gt;&lt;a href=&quot;https:\/\/www.philharmonieroyaleconcordia.be\/?tribe_events=concert-lors-des-fetes-de-wallonie-2021&quot; class=&quot;more-link&quot;&gt;Lire la suite de&lt;span class=&quot;screen-reader-text&quot;&gt;\u00ab\u00a0Concert lors des F\u00eates de Wallonie 2021\u00a0\u00bb&lt;\/span&gt;&lt;\/a&gt;&lt;\/p&gt;\\n","image":"https:\/\/www.philharmonieroyaleconcordia.be\/wp-content\/uploads\/2021\/06\/F\u00eate-de-Wallonie.jpg","url":"https:\/\/www.philharmonieroyaleconcordia.be\/?tribe_events=concert-lors-des-fetes-de-wallonie-2021","eventAttendanceMode":"https:\/\/schema.org\/OfflineEventAttendanceMode","eventStatus":"https:\/\/schema.org\/EventScheduled","startDate":"2021-09-19T13:00:00+02:00","endDate":"2021-09-19T14:30:00+02:00","location":{"@type":"Place","name":"Espace du coeur de ville ottignies","description":"","url":"","address":{"@type":"PostalAddress","addressLocality":"Ottignies-Louvain-la-Neuve","postalCode":"1340","addressCountry":"Belgique"},"telephone":"","sameAs":""},"organizer":{"@type":"Person","name":"Comit\u00e9 des F\u00eates de Wallonie d&#8217;Ottignies-LLN asbl","description":"","url":"http:\/\/www.fetesdewallonieolln.be\/","telephone":"","email":"","sameAs":"http:\/\/www.fetesdewallonieolln.be\/"},"offers":{"@type":"Offer","price":"0","priceCurrency":"USD","url":"https:\/\/www.philharmonieroyaleconcordia.be\/?tribe_events=concert-lors-des-fetes-de-wallonie-2021","category":"primary","availability":"inStock","validFrom":"1970-01-01T00:00:00+00:00"},"performer":"Organization"}}